{"id":2662,"date":"2025-06-10T11:16:54","date_gmt":"2025-06-10T14:16:54","guid":{"rendered":"https:\/\/www.pmvabogados.cl\/?p=2662"},"modified":"2025-06-10T11:18:41","modified_gmt":"2025-06-10T14:18:41","slug":"y-los-que-no-viajaron-el-verdadero-escandalo-tras-el-informe-de-la-contraloria-columna-diario-financiero","status":"publish","type":"post","link":"https:\/\/mail.pmvabogados.cl\/en\/y-los-que-no-viajaron-el-verdadero-escandalo-tras-el-informe-de-la-contraloria-columna-diario-financiero\/","title":{"rendered":"\u00bfY los que no viajaron? El verdadero esc\u00e1ndalo tras el informe de la Contralor\u00eda | Columna, Diario Financiero"},"content":{"rendered":"<p>Gran revuelo ha causado el informe de Contralor\u00eda acerca del mal uso de licencias m\u00e9dicas efectuado<br \/>\npor funcionarios p\u00fablicos. Algo que ha pasado desapercibido es que este informe se refiere<br \/>\nexclusivamente a casos de bastante alto perfil: aquellos funcionarios que, estando con licencia<br \/>\nm\u00e9dica, salieron al extranjero. No hay cifras de quienes han hecho mal uso viajando por Chile, ni<br \/>\nsobre quienes aprovechan el tiempo de descanso, para sacar adelante un emprendimiento personal. Este abuso o fraude al sistema de salud merece ser seriamente cuestionado.<\/p>\n<p>Quienes nos especializamos en el derecho laboral vemos con preocupaci\u00f3n c\u00f3mo los jueces y la Inspecci\u00f3n del Trabajo han adoptado una postura cada vez m\u00e1s indulgente ante conductas como estas, que atentan contra la honradez y rectitud en la forma de actuar. Tener cinco o m\u00e1s a\u00f1os de antig\u00fcedad parece otorgar una suerte de inamovilidad en el trabajo que en la pr\u00e1ctica impide despedir a un trabajador sin indemnizaciones, ya que la gravedad de ciertos incumplimientos o faltas de probidad no<br \/>\nson considerados \u201ctan graves, al lado de la antig\u00fcedad\u201d. \u00bfEs esto una excusa? \u00bfRobar algo de poco valor no puede ser sancionado? \u00bfAdulterar documentos sin generar un perjuicio econ\u00f3mico expl\u00edcito no es motivo suficiente para el despido?<\/p>\n<p>En la pr\u00e1ctica, el principio pro operario que utilizan los Tribunales y la DT ha sido interpretado de forma tan paternalista que termina infantilizando al trabajador cuyas faltas son tratadas como simples \u201cerrores\u201d en lugar de verdaderos incumplimientos. Esta comprensi\u00f3n errada de la probidad en el \u00e1mbito laboral tiene consecuencias visibles: en los \u00faltimos cuatro a\u00f1os, las demandas por despido injustificado han crecido a tasas de dos d\u00edgitos, y un 82% de estas causas termina en acuerdo. Esto ocurre, en buena medida, porque probar esos hechos ante los tribunales exige un est\u00e1ndar probatorio muy alto, en un contexto donde, suele predominar una mirada indulgente hacia el trabajador. Esta realidad dif\u00edcilmente cambiar\u00e1 con la nueva Ley 21.746 respecto al control del uso de licencias m\u00e9dicas, especialmente en el sector privado.<\/p>\n<p>El mal uso de las licencias m\u00e9dicas es una realidad conocida por cualquier equipo de recursos humanos, pero hasta ahora ha existido poco inter\u00e9s pol\u00edtico y judicial. Despedir a un trabajador por el mal uso de licencias m\u00e9dicas es complejo, no solo porque quienes salen de vacaciones al exterior son muy pocos, sino porque quienes las utilizan para hacer arreglos en la casa, desarrollar un negocio, ayudar a sus parientes y un largo etc\u00e9tera, son muchos m\u00e1s. Las empresas han debido enfrentar esta realidad con bonos de asistencia en sus contratos individuales o colectivos para evitar el ausentismo, pero siguen teniendo las manos atadas frente a la falta de probidad en el mal uso de las licencias.<\/p>\n<p>Ojal\u00e1 que este esc\u00e1ndalo marque un punto de inflexi\u00f3n y las conductas impropias en el trabajo sean sancionadas con decisi\u00f3n. \u00bfQueremos ser un pa\u00eds sin corrupci\u00f3n y seguro? Partamos por lo esencial: demostremos que somos un pa\u00eds honesto que no acepta incumplimientos y faltas de probidad en el \u00e1mbito laboral. Esto no va contra los trabajadores; al contrario, es una reivindicaci\u00f3n de quienes act\u00faan de forma honesta y una se\u00f1al de que no se tolerar\u00e1 que los m\u00e1s vivos saquen ventaja a costa del resto.<\/p>\n<p>Es tiempo de que jueces, fiscalizadores y la sociedad en su conjunto dejen de normalizar estas conductas que tanto da\u00f1o nos hacen como sociedad.<\/p>\n<p>Por Sebasti\u00e1n Parga<\/p>\n<p>Socio Parga, Montes &amp; Vasseur Laborales<\/p>\n","protected":false},"excerpt":{"rendered":"","protected":false},"author":2,"featured_media":0,"comment_status":"open","ping_status":"open","sticky":false,"template":"","format":"standard","meta":{"inline_featured_image":false,"footnotes":""},"categories":[4],"tags":[],"yoast_head":"<!-- This site is optimized with the Yoast SEO plugin v21.4 - https:\/\/yoast.com\/wordpress\/plugins\/seo\/ -->\n<title>\u00bfY los que no viajaron? El verdadero esc\u00e1ndalo tras el informe de la Contralor\u00eda | Columna, Diario Financiero - Parga, Montes, Vasseur Labor Lawyers<\/title>\n<meta name=\"robots\" content=\"index, follow, max-snippet:-1, max-image-preview:large, max-video-preview:-1\" \/>\n<link rel=\"canonical\" href=\"https:\/\/mail.pmvabogados.cl\/en\/y-los-que-no-viajaron-el-verdadero-escandalo-tras-el-informe-de-la-contraloria-columna-diario-financiero\/\" \/>\n<meta property=\"og:locale\" content=\"en_US\" \/>\n<meta property=\"og:type\" content=\"article\" \/>\n<meta property=\"og:title\" content=\"\u00bfY los que no viajaron? El verdadero esc\u00e1ndalo tras el informe de la Contralor\u00eda | Columna, Diario Financiero - Parga, Montes, Vasseur Labor Lawyers\" \/>\n<meta property=\"og:url\" content=\"https:\/\/mail.pmvabogados.cl\/en\/y-los-que-no-viajaron-el-verdadero-escandalo-tras-el-informe-de-la-contraloria-columna-diario-financiero\/\" \/>\n<meta property=\"og:site_name\" content=\"Parga, Montes, Vasseur Labor Lawyers\" \/>\n<meta property=\"article:published_time\" content=\"2025-06-10T14:16:54+00:00\" \/>\n<meta property=\"article:modified_time\" content=\"2025-06-10T14:18:41+00:00\" \/>\n<meta name=\"author\" content=\"Francisca Dominguez\" \/>\n<meta name=\"twitter:card\" content=\"summary_large_image\" \/>\n<meta name=\"twitter:label1\" content=\"Written by\" \/>\n\t<meta name=\"twitter:data1\" content=\"Francisca Dominguez\" \/>\n\t<meta name=\"twitter:label2\" content=\"Est. reading time\" \/>\n\t<meta name=\"twitter:data2\" content=\"3 minutes\" \/>\n<script type=\"application\/ld+json\" class=\"yoast-schema-graph\">{\"@context\":\"https:\/\/schema.org\",\"@graph\":[{\"@type\":\"Article\",\"@id\":\"https:\/\/mail.pmvabogados.cl\/en\/y-los-que-no-viajaron-el-verdadero-escandalo-tras-el-informe-de-la-contraloria-columna-diario-financiero\/#article\",\"isPartOf\":{\"@id\":\"https:\/\/mail.pmvabogados.cl\/en\/y-los-que-no-viajaron-el-verdadero-escandalo-tras-el-informe-de-la-contraloria-columna-diario-financiero\/\"},\"author\":{\"name\":\"Francisca Dominguez\",\"@id\":\"https:\/\/www.pmvabogados.cl\/en\/#\/schema\/person\/401fd0c9a37d714b31a68493cee1be83\"},\"headline\":\"\u00bfY los que no viajaron? El verdadero esc\u00e1ndalo tras el informe de la Contralor\u00eda | Columna, Diario Financiero\",\"datePublished\":\"2025-06-10T14:16:54+00:00\",\"dateModified\":\"2025-06-10T14:18:41+00:00\",\"mainEntityOfPage\":{\"@id\":\"https:\/\/mail.pmvabogados.cl\/en\/y-los-que-no-viajaron-el-verdadero-escandalo-tras-el-informe-de-la-contraloria-columna-diario-financiero\/\"},\"wordCount\":624,\"commentCount\":0,\"publisher\":{\"@id\":\"https:\/\/www.pmvabogados.cl\/en\/#organization\"},\"articleSection\":[\"Publicaciones\"],\"inLanguage\":\"en-US\",\"potentialAction\":[{\"@type\":\"CommentAction\",\"name\":\"Comment\",\"target\":[\"https:\/\/mail.pmvabogados.cl\/en\/y-los-que-no-viajaron-el-verdadero-escandalo-tras-el-informe-de-la-contraloria-columna-diario-financiero\/#respond\"]}]},{\"@type\":\"WebPage\",\"@id\":\"https:\/\/mail.pmvabogados.cl\/en\/y-los-que-no-viajaron-el-verdadero-escandalo-tras-el-informe-de-la-contraloria-columna-diario-financiero\/\",\"url\":\"https:\/\/mail.pmvabogados.cl\/en\/y-los-que-no-viajaron-el-verdadero-escandalo-tras-el-informe-de-la-contraloria-columna-diario-financiero\/\",\"name\":\"\u00bfY los que no viajaron? El verdadero esc\u00e1ndalo tras el informe de la Contralor\u00eda | Columna, Diario Financiero - Parga, Montes, Vasseur Labor Lawyers\",\"isPartOf\":{\"@id\":\"https:\/\/www.pmvabogados.cl\/en\/#website\"},\"datePublished\":\"2025-06-10T14:16:54+00:00\",\"dateModified\":\"2025-06-10T14:18:41+00:00\",\"breadcrumb\":{\"@id\":\"https:\/\/mail.pmvabogados.cl\/en\/y-los-que-no-viajaron-el-verdadero-escandalo-tras-el-informe-de-la-contraloria-columna-diario-financiero\/#breadcrumb\"},\"inLanguage\":\"en-US\",\"potentialAction\":[{\"@type\":\"ReadAction\",\"target\":[\"https:\/\/mail.pmvabogados.cl\/en\/y-los-que-no-viajaron-el-verdadero-escandalo-tras-el-informe-de-la-contraloria-columna-diario-financiero\/\"]}]},{\"@type\":\"BreadcrumbList\",\"@id\":\"https:\/\/mail.pmvabogados.cl\/en\/y-los-que-no-viajaron-el-verdadero-escandalo-tras-el-informe-de-la-contraloria-columna-diario-financiero\/#breadcrumb\",\"itemListElement\":[{\"@type\":\"ListItem\",\"position\":1,\"name\":\"Portada\",\"item\":\"https:\/\/www.pmvabogados.cl\/en\/\"},{\"@type\":\"ListItem\",\"position\":2,\"name\":\"\u00bfY los que no viajaron? El verdadero esc\u00e1ndalo tras el informe de la Contralor\u00eda | Columna, Diario Financiero\"}]},{\"@type\":\"WebSite\",\"@id\":\"https:\/\/www.pmvabogados.cl\/en\/#website\",\"url\":\"https:\/\/www.pmvabogados.cl\/en\/\",\"name\":\"Parga, Montes, Vasseur Abogados Laborales\",\"description\":\"Labor Lawyers\",\"publisher\":{\"@id\":\"https:\/\/www.pmvabogados.cl\/en\/#organization\"},\"alternateName\":\"PMV Abogados\",\"potentialAction\":[{\"@type\":\"SearchAction\",\"target\":{\"@type\":\"EntryPoint\",\"urlTemplate\":\"https:\/\/www.pmvabogados.cl\/en\/?s={search_term_string}\"},\"query-input\":\"required name=search_term_string\"}],\"inLanguage\":\"en-US\"},{\"@type\":\"Organization\",\"@id\":\"https:\/\/www.pmvabogados.cl\/en\/#organization\",\"name\":\"Parga, Montes, Vasseur Abogados Laborales\",\"alternateName\":\"PMV Abogados\",\"url\":\"https:\/\/www.pmvabogados.cl\/en\/\",\"logo\":{\"@type\":\"ImageObject\",\"inLanguage\":\"en-US\",\"@id\":\"https:\/\/www.pmvabogados.cl\/en\/#\/schema\/logo\/image\/\",\"url\":\"https:\/\/www.pmvabogados.cl\/wp-content\/uploads\/2023\/03\/Proyecto-nuevo-1.png\",\"contentUrl\":\"https:\/\/www.pmvabogados.cl\/wp-content\/uploads\/2023\/03\/Proyecto-nuevo-1.png\",\"width\":800,\"height\":800,\"caption\":\"Parga, Montes, Vasseur Abogados Laborales\"},\"image\":{\"@id\":\"https:\/\/www.pmvabogados.cl\/en\/#\/schema\/logo\/image\/\"},\"sameAs\":[\"https:\/\/www.linkedin.com\/company\/79443714\/admin\/\"]},{\"@type\":\"Person\",\"@id\":\"https:\/\/www.pmvabogados.cl\/en\/#\/schema\/person\/401fd0c9a37d714b31a68493cee1be83\",\"name\":\"Francisca Dominguez\",\"image\":{\"@type\":\"ImageObject\",\"inLanguage\":\"en-US\",\"@id\":\"https:\/\/www.pmvabogados.cl\/en\/#\/schema\/person\/image\/\",\"url\":\"https:\/\/secure.gravatar.com\/avatar\/146a18d2b51b2fff4b4d20a486533567?s=96&d=mm&r=g\",\"contentUrl\":\"https:\/\/secure.gravatar.com\/avatar\/146a18d2b51b2fff4b4d20a486533567?s=96&d=mm&r=g\",\"caption\":\"Francisca Dominguez\"},\"url\":\"https:\/\/mail.pmvabogados.cl\/en\/author\/francisca\/\"}]}<\/script>\n<!-- \/ Yoast SEO plugin. -->","yoast_head_json":{"title":"\u00bfY los que no viajaron? El verdadero esc\u00e1ndalo tras el informe de la Contralor\u00eda | Columna, Diario Financiero - Parga, Montes, Vasseur Labor Lawyers","robots":{"index":"index","follow":"follow","max-snippet":"max-snippet:-1","max-image-preview":"max-image-preview:large","max-video-preview":"max-video-preview:-1"},"canonical":"https:\/\/mail.pmvabogados.cl\/en\/y-los-que-no-viajaron-el-verdadero-escandalo-tras-el-informe-de-la-contraloria-columna-diario-financiero\/","og_locale":"en_US","og_type":"article","og_title":"\u00bfY los que no viajaron? El verdadero esc\u00e1ndalo tras el informe de la Contralor\u00eda | Columna, Diario Financiero - Parga, Montes, Vasseur Labor Lawyers","og_url":"https:\/\/mail.pmvabogados.cl\/en\/y-los-que-no-viajaron-el-verdadero-escandalo-tras-el-informe-de-la-contraloria-columna-diario-financiero\/","og_site_name":"Parga, Montes, Vasseur Labor Lawyers","article_published_time":"2025-06-10T14:16:54+00:00","article_modified_time":"2025-06-10T14:18:41+00:00","author":"Francisca Dominguez","twitter_card":"summary_large_image","twitter_misc":{"Written by":"Francisca Dominguez","Est. reading time":"3 minutes"},"schema":{"@context":"https:\/\/schema.org","@graph":[{"@type":"Article","@id":"https:\/\/mail.pmvabogados.cl\/en\/y-los-que-no-viajaron-el-verdadero-escandalo-tras-el-informe-de-la-contraloria-columna-diario-financiero\/#article","isPartOf":{"@id":"https:\/\/mail.pmvabogados.cl\/en\/y-los-que-no-viajaron-el-verdadero-escandalo-tras-el-informe-de-la-contraloria-columna-diario-financiero\/"},"author":{"name":"Francisca Dominguez","@id":"https:\/\/www.pmvabogados.cl\/en\/#\/schema\/person\/401fd0c9a37d714b31a68493cee1be83"},"headline":"\u00bfY los que no viajaron? El verdadero esc\u00e1ndalo tras el informe de la Contralor\u00eda | Columna, Diario Financiero","datePublished":"2025-06-10T14:16:54+00:00","dateModified":"2025-06-10T14:18:41+00:00","mainEntityOfPage":{"@id":"https:\/\/mail.pmvabogados.cl\/en\/y-los-que-no-viajaron-el-verdadero-escandalo-tras-el-informe-de-la-contraloria-columna-diario-financiero\/"},"wordCount":624,"commentCount":0,"publisher":{"@id":"https:\/\/www.pmvabogados.cl\/en\/#organization"},"articleSection":["Publicaciones"],"inLanguage":"en-US","potentialAction":[{"@type":"CommentAction","name":"Comment","target":["https:\/\/mail.pmvabogados.cl\/en\/y-los-que-no-viajaron-el-verdadero-escandalo-tras-el-informe-de-la-contraloria-columna-diario-financiero\/#respond"]}]},{"@type":"WebPage","@id":"https:\/\/mail.pmvabogados.cl\/en\/y-los-que-no-viajaron-el-verdadero-escandalo-tras-el-informe-de-la-contraloria-columna-diario-financiero\/","url":"https:\/\/mail.pmvabogados.cl\/en\/y-los-que-no-viajaron-el-verdadero-escandalo-tras-el-informe-de-la-contraloria-columna-diario-financiero\/","name":"\u00bfY los que no viajaron? El verdadero esc\u00e1ndalo tras el informe de la Contralor\u00eda | Columna, Diario Financiero - Parga, Montes, Vasseur Labor Lawyers","isPartOf":{"@id":"https:\/\/www.pmvabogados.cl\/en\/#website"},"datePublished":"2025-06-10T14:16:54+00:00","dateModified":"2025-06-10T14:18:41+00:00","breadcrumb":{"@id":"https:\/\/mail.pmvabogados.cl\/en\/y-los-que-no-viajaron-el-verdadero-escandalo-tras-el-informe-de-la-contraloria-columna-diario-financiero\/#breadcrumb"},"inLanguage":"en-US","potentialAction":[{"@type":"ReadAction","target":["https:\/\/mail.pmvabogados.cl\/en\/y-los-que-no-viajaron-el-verdadero-escandalo-tras-el-informe-de-la-contraloria-columna-diario-financiero\/"]}]},{"@type":"BreadcrumbList","@id":"https:\/\/mail.pmvabogados.cl\/en\/y-los-que-no-viajaron-el-verdadero-escandalo-tras-el-informe-de-la-contraloria-columna-diario-financiero\/#breadcrumb","itemListElement":[{"@type":"ListItem","position":1,"name":"Portada","item":"https:\/\/www.pmvabogados.cl\/en\/"},{"@type":"ListItem","position":2,"name":"\u00bfY los que no viajaron? El verdadero esc\u00e1ndalo tras el informe de la Contralor\u00eda | Columna, Diario Financiero"}]},{"@type":"WebSite","@id":"https:\/\/www.pmvabogados.cl\/en\/#website","url":"https:\/\/www.pmvabogados.cl\/en\/","name":"Parga, Montes, Vasseur Abogados Laborales","description":"Labor Lawyers","publisher":{"@id":"https:\/\/www.pmvabogados.cl\/en\/#organization"},"alternateName":"PMV Abogados","potentialAction":[{"@type":"SearchAction","target":{"@type":"EntryPoint","urlTemplate":"https:\/\/www.pmvabogados.cl\/en\/?s={search_term_string}"},"query-input":"required name=search_term_string"}],"inLanguage":"en-US"},{"@type":"Organization","@id":"https:\/\/www.pmvabogados.cl\/en\/#organization","name":"Parga, Montes, Vasseur Abogados Laborales","alternateName":"PMV Abogados","url":"https:\/\/www.pmvabogados.cl\/en\/","logo":{"@type":"ImageObject","inLanguage":"en-US","@id":"https:\/\/www.pmvabogados.cl\/en\/#\/schema\/logo\/image\/","url":"https:\/\/www.pmvabogados.cl\/wp-content\/uploads\/2023\/03\/Proyecto-nuevo-1.png","contentUrl":"https:\/\/www.pmvabogados.cl\/wp-content\/uploads\/2023\/03\/Proyecto-nuevo-1.png","width":800,"height":800,"caption":"Parga, Montes, Vasseur Abogados Laborales"},"image":{"@id":"https:\/\/www.pmvabogados.cl\/en\/#\/schema\/logo\/image\/"},"sameAs":["https:\/\/www.linkedin.com\/company\/79443714\/admin\/"]},{"@type":"Person","@id":"https:\/\/www.pmvabogados.cl\/en\/#\/schema\/person\/401fd0c9a37d714b31a68493cee1be83","name":"Francisca Dominguez","image":{"@type":"ImageObject","inLanguage":"en-US","@id":"https:\/\/www.pmvabogados.cl\/en\/#\/schema\/person\/image\/","url":"https:\/\/secure.gravatar.com\/avatar\/146a18d2b51b2fff4b4d20a486533567?s=96&d=mm&r=g","contentUrl":"https:\/\/secure.gravatar.com\/avatar\/146a18d2b51b2fff4b4d20a486533567?s=96&d=mm&r=g","caption":"Francisca Dominguez"},"url":"https:\/\/mail.pmvabogados.cl\/en\/author\/francisca\/"}]}},"_links":{"self":[{"href":"https:\/\/mail.pmvabogados.cl\/en\/wp-json\/wp\/v2\/posts\/2662"}],"collection":[{"href":"https:\/\/mail.pmvabogados.cl\/en\/wp-json\/wp\/v2\/posts"}],"about":[{"href":"https:\/\/mail.pmvabogados.cl\/en\/wp-json\/wp\/v2\/types\/post"}],"author":[{"embeddable":true,"href":"https:\/\/mail.pmvabogados.cl\/en\/wp-json\/wp\/v2\/users\/2"}],"replies":[{"embeddable":true,"href":"https:\/\/mail.pmvabogados.cl\/en\/wp-json\/wp\/v2\/comments?post=2662"}],"version-history":[{"count":1,"href":"https:\/\/mail.pmvabogados.cl\/en\/wp-json\/wp\/v2\/posts\/2662\/revisions"}],"predecessor-version":[{"id":2663,"href":"https:\/\/mail.pmvabogados.cl\/en\/wp-json\/wp\/v2\/posts\/2662\/revisions\/2663"}],"wp:attachment":[{"href":"https:\/\/mail.pmvabogados.cl\/en\/wp-json\/wp\/v2\/media?parent=2662"}],"wp:term":[{"taxonomy":"category","embeddable":true,"href":"https:\/\/mail.pmvabogados.cl\/en\/wp-json\/wp\/v2\/categories?post=2662"},{"taxonomy":"post_tag","embeddable":true,"href":"https:\/\/mail.pmvabogados.cl\/en\/wp-json\/wp\/v2\/tags?post=2662"}],"curies":[{"name":"wp","href":"https:\/\/api.w.org\/{rel}","templated":true}]}}