{"id":1435,"date":"2022-12-27T16:04:12","date_gmt":"2022-12-27T19:04:12","guid":{"rendered":"https:\/\/www.pmvabogados.cl\/?p=1435"},"modified":"2024-02-15T10:04:51","modified_gmt":"2024-02-15T13:04:51","slug":"voluntarismo-en-la-reactivacion-economica","status":"publish","type":"post","link":"https:\/\/mail.pmvabogados.cl\/en\/voluntarismo-en-la-reactivacion-economica\/","title":{"rendered":"Voluntarismo en la reactivaci\u00f3n econ\u00f3mica | Columna de opini\u00f3n, Sebasti\u00e1n Parga"},"content":{"rendered":"<p><strong>Como dice el adagio, \u201cdel dicho al hecho hay mucho trecho\u201d: nuestras autoridades parecen vivir en una verdadera realidad que desconoce la incertidumbre en los puestos de trabajo y en las empresas que ven venir, o ya est\u00e1n viviendo, la recesi\u00f3n del 2023.<\/strong><\/p>\n<p>En las \u00faltimas semanas ha sido frecuente escuchar que el Gobierno est\u00e1 haciendo un esfuerzo importante para dar certezas al mundo empresarial y activar la alica\u00edda econom\u00eda con mayor crecimiento. Pese al voluntarismo en la reactivaci\u00f3n econ\u00f3mica que demuestra el Gobierno, los hechos van justo en la direcci\u00f3n opuesta. En efecto, parece sesgado decir que el aumento de la carga tributaria genera empleo, lo que s\u00ed podr\u00eda suceder es que recaude m\u00e1s recursos para aumentar el gasto social, lo esto no implica ayudar a incentivar la inversi\u00f3n en Chile ni generar m\u00e1s y mejores puestos de trabajo.<\/p>\n<p>Lo mismo sucede con el\u00a0<a href=\"https:\/\/www.ex-ante.cl\/reduccion-de-la-jornada-de-trabajo-es-el-momento-por-ruben-soto\/\">proyecto de cuarenta horas<\/a>. Muchos han se\u00f1alado que reducir la jornada ordinaria de trabajo se compensa con mayor productividad, pero -adem\u00e1s de ser discutible- el hecho concreto es que muchos sectores como el sector agr\u00edcola o el del transporte, entre otros, se ven directamente afectados, como el chofer que con esta propuesta va a trasportar menos en su jornada ordinaria. Los costos de seguridad, rubros donde se paga por presencialidad, subir\u00e1n sus valores, las cosechas se har\u00e1n m\u00e1s onerosas y un largo etc\u00e9tera que no se mejora con productividad, ya que en esos procesos se requiere \u201cestar\u201d y no solo producir. Como guinda de la torta, el gobierno impulsa un proyecto de reforma previsional que genera un aumento del 6% del costo de mano de obra. Lo anterior, mezclado con una gran inflaci\u00f3n, falta de certeza jur\u00eddica y la inseguridad p\u00fablica a la orden del d\u00eda, son las condiciones que descartan la proyectada productividad.<\/p>\n<p>Como dice el adagio, \u201cdel dicho al hecho hay mucho trecho\u201d: nuestras autoridades parecen vivir en una verdadera realidad que desconoce la incertidumbre en los puestos de trabajo y en las empresas que ven venir, o ya est\u00e1n viviendo, la recesi\u00f3n del 2023.<\/p>\n<p>Quienes apoyan todas estas reformas sostienen que debemos regirnos por un tema de responsabilidad. Que las modificaciones ser\u00e1n graduales, no considerando la carga que \u00e9stas imponen a las pr\u00f3ximas administraciones de la que ellos no se har\u00e1n responsables, embargando de paso el crecimiento de nuestra econom\u00eda en los pr\u00f3ximos a\u00f1os.<\/p>\n<p>Si bien la intenci\u00f3n suena loable y satisfactoria para la gran mayor\u00eda de la poblaci\u00f3n, el problema es que las necesidades deben satisfacerse con los recursos que existen y no al rev\u00e9s. No cabe duda que luego de una revuelta como la de octubre de 2019 y una pandemia de dos a\u00f1os, somos un pa\u00eds y un mundo m\u00e1s pobre. De esto debemos estar conscientes para tomar las medidas m\u00e1s adecuadas, las que en otros pa\u00edses (que no tendr\u00e1n recesi\u00f3n el a\u00f1o 2023 como nosotros) se han traducido en hacer ajustes, en ayudar a las \u00e1reas productivas, justo lo contrario a lo que se est\u00e1 viviendo en Chile. Debemos darnos cuenta que hay que postergar la gratificaci\u00f3n de nuestro esfuerzo para un momento en que efectivamente haya algo que repartir.<\/p>\n<p>Ayudar al crecimiento es hacer procedimientos claros y expeditos en temas medioambientales, regulatorios, migratorios; flexibilizar las jornadas de trabajo, permitir libertad al momento de la elecci\u00f3n del sistema de salud y de seguridad social, en concreto: dar certezas y no desincentivar en estos momentos la inversi\u00f3n y la contrataci\u00f3n de trabajadores.<\/p>\n<p><a href=\"https:\/\/www.linkedin.com\/in\/sebastian-parga-m\/\">Sebasti\u00e1n Parga<\/a><br \/>\nSocio <a href=\"https:\/\/www.pmvabogados.cl\/\">Parga, Montes &amp; Vasseur Laborales<\/a><\/p>\n","protected":false},"excerpt":{"rendered":"","protected":false},"author":2,"featured_media":0,"comment_status":"open","ping_status":"open","sticky":false,"template":"","format":"standard","meta":{"inline_featured_image":false,"footnotes":""},"categories":[4],"tags":[],"yoast_head":"<!-- This site is optimized with the Yoast SEO plugin v21.4 - https:\/\/yoast.com\/wordpress\/plugins\/seo\/ -->\n<title>Voluntarismo en la reactivaci\u00f3n econ\u00f3mica | Columna de opini\u00f3n, Sebasti\u00e1n Parga - Parga, Montes, Vasseur Labor Lawyers<\/title>\n<meta name=\"description\" content=\"Nuestras autoridades parecen vivir en una verdadera realidad que desconoce la incertidumbre en los puestos de trabajo\" \/>\n<meta name=\"robots\" content=\"index, follow, max-snippet:-1, max-image-preview:large, max-video-preview:-1\" \/>\n<link rel=\"canonical\" href=\"https:\/\/mail.pmvabogados.cl\/en\/voluntarismo-en-la-reactivacion-economica\/\" \/>\n<meta property=\"og:locale\" content=\"en_US\" \/>\n<meta property=\"og:type\" content=\"article\" \/>\n<meta property=\"og:title\" content=\"Voluntarismo en la reactivaci\u00f3n econ\u00f3mica | Columna de opini\u00f3n, Sebasti\u00e1n Parga - Parga, Montes, Vasseur Labor Lawyers\" \/>\n<meta property=\"og:description\" content=\"Nuestras autoridades parecen vivir en una verdadera realidad que desconoce la incertidumbre en los puestos de trabajo\" \/>\n<meta property=\"og:url\" content=\"https:\/\/mail.pmvabogados.cl\/en\/voluntarismo-en-la-reactivacion-economica\/\" \/>\n<meta property=\"og:site_name\" content=\"Parga, Montes, Vasseur Labor Lawyers\" \/>\n<meta property=\"article:published_time\" content=\"2022-12-27T19:04:12+00:00\" \/>\n<meta property=\"article:modified_time\" content=\"2024-02-15T13:04:51+00:00\" \/>\n<meta name=\"author\" content=\"Francisca Dominguez\" \/>\n<meta name=\"twitter:card\" content=\"summary_large_image\" \/>\n<meta name=\"twitter:label1\" content=\"Written by\" \/>\n\t<meta name=\"twitter:data1\" content=\"Francisca Dominguez\" \/>\n\t<meta name=\"twitter:label2\" content=\"Est. reading time\" \/>\n\t<meta name=\"twitter:data2\" content=\"3 minutes\" \/>\n<script type=\"application\/ld+json\" class=\"yoast-schema-graph\">{\"@context\":\"https:\/\/schema.org\",\"@graph\":[{\"@type\":\"Article\",\"@id\":\"https:\/\/mail.pmvabogados.cl\/en\/voluntarismo-en-la-reactivacion-economica\/#article\",\"isPartOf\":{\"@id\":\"https:\/\/mail.pmvabogados.cl\/en\/voluntarismo-en-la-reactivacion-economica\/\"},\"author\":{\"name\":\"Francisca Dominguez\",\"@id\":\"https:\/\/www.pmvabogados.cl\/en\/#\/schema\/person\/401fd0c9a37d714b31a68493cee1be83\"},\"headline\":\"Voluntarismo en la reactivaci\u00f3n econ\u00f3mica | Columna de opini\u00f3n, Sebasti\u00e1n Parga\",\"datePublished\":\"2022-12-27T19:04:12+00:00\",\"dateModified\":\"2024-02-15T13:04:51+00:00\",\"mainEntityOfPage\":{\"@id\":\"https:\/\/mail.pmvabogados.cl\/en\/voluntarismo-en-la-reactivacion-economica\/\"},\"wordCount\":637,\"commentCount\":0,\"publisher\":{\"@id\":\"https:\/\/www.pmvabogados.cl\/en\/#organization\"},\"articleSection\":[\"Publicaciones\"],\"inLanguage\":\"en-US\",\"potentialAction\":[{\"@type\":\"CommentAction\",\"name\":\"Comment\",\"target\":[\"https:\/\/mail.pmvabogados.cl\/en\/voluntarismo-en-la-reactivacion-economica\/#respond\"]}]},{\"@type\":\"WebPage\",\"@id\":\"https:\/\/mail.pmvabogados.cl\/en\/voluntarismo-en-la-reactivacion-economica\/\",\"url\":\"https:\/\/mail.pmvabogados.cl\/en\/voluntarismo-en-la-reactivacion-economica\/\",\"name\":\"Voluntarismo en la reactivaci\u00f3n econ\u00f3mica | Columna de opini\u00f3n, Sebasti\u00e1n Parga - Parga, Montes, Vasseur Labor Lawyers\",\"isPartOf\":{\"@id\":\"https:\/\/www.pmvabogados.cl\/en\/#website\"},\"datePublished\":\"2022-12-27T19:04:12+00:00\",\"dateModified\":\"2024-02-15T13:04:51+00:00\",\"description\":\"Nuestras autoridades parecen vivir en una verdadera realidad que desconoce la incertidumbre en los puestos de trabajo\",\"breadcrumb\":{\"@id\":\"https:\/\/mail.pmvabogados.cl\/en\/voluntarismo-en-la-reactivacion-economica\/#breadcrumb\"},\"inLanguage\":\"en-US\",\"potentialAction\":[{\"@type\":\"ReadAction\",\"target\":[\"https:\/\/mail.pmvabogados.cl\/en\/voluntarismo-en-la-reactivacion-economica\/\"]}]},{\"@type\":\"BreadcrumbList\",\"@id\":\"https:\/\/mail.pmvabogados.cl\/en\/voluntarismo-en-la-reactivacion-economica\/#breadcrumb\",\"itemListElement\":[{\"@type\":\"ListItem\",\"position\":1,\"name\":\"Portada\",\"item\":\"https:\/\/www.pmvabogados.cl\/en\/\"},{\"@type\":\"ListItem\",\"position\":2,\"name\":\"Voluntarismo en la reactivaci\u00f3n econ\u00f3mica | Columna de opini\u00f3n, Sebasti\u00e1n Parga\"}]},{\"@type\":\"WebSite\",\"@id\":\"https:\/\/www.pmvabogados.cl\/en\/#website\",\"url\":\"https:\/\/www.pmvabogados.cl\/en\/\",\"name\":\"Parga, Montes, Vasseur Abogados Laborales\",\"description\":\"Labor Lawyers\",\"publisher\":{\"@id\":\"https:\/\/www.pmvabogados.cl\/en\/#organization\"},\"alternateName\":\"PMV Abogados\",\"potentialAction\":[{\"@type\":\"SearchAction\",\"target\":{\"@type\":\"EntryPoint\",\"urlTemplate\":\"https:\/\/www.pmvabogados.cl\/en\/?s={search_term_string}\"},\"query-input\":\"required name=search_term_string\"}],\"inLanguage\":\"en-US\"},{\"@type\":\"Organization\",\"@id\":\"https:\/\/www.pmvabogados.cl\/en\/#organization\",\"name\":\"Parga, Montes, Vasseur Abogados Laborales\",\"alternateName\":\"PMV Abogados\",\"url\":\"https:\/\/www.pmvabogados.cl\/en\/\",\"logo\":{\"@type\":\"ImageObject\",\"inLanguage\":\"en-US\",\"@id\":\"https:\/\/www.pmvabogados.cl\/en\/#\/schema\/logo\/image\/\",\"url\":\"https:\/\/www.pmvabogados.cl\/wp-content\/uploads\/2023\/03\/Proyecto-nuevo-1.png\",\"contentUrl\":\"https:\/\/www.pmvabogados.cl\/wp-content\/uploads\/2023\/03\/Proyecto-nuevo-1.png\",\"width\":800,\"height\":800,\"caption\":\"Parga, Montes, Vasseur Abogados Laborales\"},\"image\":{\"@id\":\"https:\/\/www.pmvabogados.cl\/en\/#\/schema\/logo\/image\/\"},\"sameAs\":[\"https:\/\/www.linkedin.com\/company\/79443714\/admin\/\"]},{\"@type\":\"Person\",\"@id\":\"https:\/\/www.pmvabogados.cl\/en\/#\/schema\/person\/401fd0c9a37d714b31a68493cee1be83\",\"name\":\"Francisca Dominguez\",\"image\":{\"@type\":\"ImageObject\",\"inLanguage\":\"en-US\",\"@id\":\"https:\/\/www.pmvabogados.cl\/en\/#\/schema\/person\/image\/\",\"url\":\"https:\/\/secure.gravatar.com\/avatar\/146a18d2b51b2fff4b4d20a486533567?s=96&d=mm&r=g\",\"contentUrl\":\"https:\/\/secure.gravatar.com\/avatar\/146a18d2b51b2fff4b4d20a486533567?s=96&d=mm&r=g\",\"caption\":\"Francisca Dominguez\"},\"url\":\"https:\/\/mail.pmvabogados.cl\/en\/author\/francisca\/\"}]}<\/script>\n<!-- \/ Yoast SEO plugin. -->","yoast_head_json":{"title":"Voluntarismo en la reactivaci\u00f3n econ\u00f3mica | Columna de opini\u00f3n, Sebasti\u00e1n Parga - Parga, Montes, Vasseur Labor Lawyers","description":"Nuestras autoridades parecen vivir en una verdadera realidad que desconoce la incertidumbre en los puestos de trabajo","robots":{"index":"index","follow":"follow","max-snippet":"max-snippet:-1","max-image-preview":"max-image-preview:large","max-video-preview":"max-video-preview:-1"},"canonical":"https:\/\/mail.pmvabogados.cl\/en\/voluntarismo-en-la-reactivacion-economica\/","og_locale":"en_US","og_type":"article","og_title":"Voluntarismo en la reactivaci\u00f3n econ\u00f3mica | Columna de opini\u00f3n, Sebasti\u00e1n Parga - Parga, Montes, Vasseur Labor Lawyers","og_description":"Nuestras autoridades parecen vivir en una verdadera realidad que desconoce la incertidumbre en los puestos de trabajo","og_url":"https:\/\/mail.pmvabogados.cl\/en\/voluntarismo-en-la-reactivacion-economica\/","og_site_name":"Parga, Montes, Vasseur Labor Lawyers","article_published_time":"2022-12-27T19:04:12+00:00","article_modified_time":"2024-02-15T13:04:51+00:00","author":"Francisca Dominguez","twitter_card":"summary_large_image","twitter_misc":{"Written by":"Francisca Dominguez","Est. reading time":"3 minutes"},"schema":{"@context":"https:\/\/schema.org","@graph":[{"@type":"Article","@id":"https:\/\/mail.pmvabogados.cl\/en\/voluntarismo-en-la-reactivacion-economica\/#article","isPartOf":{"@id":"https:\/\/mail.pmvabogados.cl\/en\/voluntarismo-en-la-reactivacion-economica\/"},"author":{"name":"Francisca Dominguez","@id":"https:\/\/www.pmvabogados.cl\/en\/#\/schema\/person\/401fd0c9a37d714b31a68493cee1be83"},"headline":"Voluntarismo en la reactivaci\u00f3n econ\u00f3mica | Columna de opini\u00f3n, Sebasti\u00e1n Parga","datePublished":"2022-12-27T19:04:12+00:00","dateModified":"2024-02-15T13:04:51+00:00","mainEntityOfPage":{"@id":"https:\/\/mail.pmvabogados.cl\/en\/voluntarismo-en-la-reactivacion-economica\/"},"wordCount":637,"commentCount":0,"publisher":{"@id":"https:\/\/www.pmvabogados.cl\/en\/#organization"},"articleSection":["Publicaciones"],"inLanguage":"en-US","potentialAction":[{"@type":"CommentAction","name":"Comment","target":["https:\/\/mail.pmvabogados.cl\/en\/voluntarismo-en-la-reactivacion-economica\/#respond"]}]},{"@type":"WebPage","@id":"https:\/\/mail.pmvabogados.cl\/en\/voluntarismo-en-la-reactivacion-economica\/","url":"https:\/\/mail.pmvabogados.cl\/en\/voluntarismo-en-la-reactivacion-economica\/","name":"Voluntarismo en la reactivaci\u00f3n econ\u00f3mica | Columna de opini\u00f3n, Sebasti\u00e1n Parga - Parga, Montes, Vasseur Labor Lawyers","isPartOf":{"@id":"https:\/\/www.pmvabogados.cl\/en\/#website"},"datePublished":"2022-12-27T19:04:12+00:00","dateModified":"2024-02-15T13:04:51+00:00","description":"Nuestras autoridades parecen vivir en una verdadera realidad que desconoce la incertidumbre en los puestos de trabajo","breadcrumb":{"@id":"https:\/\/mail.pmvabogados.cl\/en\/voluntarismo-en-la-reactivacion-economica\/#breadcrumb"},"inLanguage":"en-US","potentialAction":[{"@type":"ReadAction","target":["https:\/\/mail.pmvabogados.cl\/en\/voluntarismo-en-la-reactivacion-economica\/"]}]},{"@type":"BreadcrumbList","@id":"https:\/\/mail.pmvabogados.cl\/en\/voluntarismo-en-la-reactivacion-economica\/#breadcrumb","itemListElement":[{"@type":"ListItem","position":1,"name":"Portada","item":"https:\/\/www.pmvabogados.cl\/en\/"},{"@type":"ListItem","position":2,"name":"Voluntarismo en la reactivaci\u00f3n econ\u00f3mica | Columna de opini\u00f3n, Sebasti\u00e1n Parga"}]},{"@type":"WebSite","@id":"https:\/\/www.pmvabogados.cl\/en\/#website","url":"https:\/\/www.pmvabogados.cl\/en\/","name":"Parga, Montes, Vasseur Abogados Laborales","description":"Labor Lawyers","publisher":{"@id":"https:\/\/www.pmvabogados.cl\/en\/#organization"},"alternateName":"PMV Abogados","potentialAction":[{"@type":"SearchAction","target":{"@type":"EntryPoint","urlTemplate":"https:\/\/www.pmvabogados.cl\/en\/?s={search_term_string}"},"query-input":"required name=search_term_string"}],"inLanguage":"en-US"},{"@type":"Organization","@id":"https:\/\/www.pmvabogados.cl\/en\/#organization","name":"Parga, Montes, Vasseur Abogados Laborales","alternateName":"PMV Abogados","url":"https:\/\/www.pmvabogados.cl\/en\/","logo":{"@type":"ImageObject","inLanguage":"en-US","@id":"https:\/\/www.pmvabogados.cl\/en\/#\/schema\/logo\/image\/","url":"https:\/\/www.pmvabogados.cl\/wp-content\/uploads\/2023\/03\/Proyecto-nuevo-1.png","contentUrl":"https:\/\/www.pmvabogados.cl\/wp-content\/uploads\/2023\/03\/Proyecto-nuevo-1.png","width":800,"height":800,"caption":"Parga, Montes, Vasseur Abogados Laborales"},"image":{"@id":"https:\/\/www.pmvabogados.cl\/en\/#\/schema\/logo\/image\/"},"sameAs":["https:\/\/www.linkedin.com\/company\/79443714\/admin\/"]},{"@type":"Person","@id":"https:\/\/www.pmvabogados.cl\/en\/#\/schema\/person\/401fd0c9a37d714b31a68493cee1be83","name":"Francisca Dominguez","image":{"@type":"ImageObject","inLanguage":"en-US","@id":"https:\/\/www.pmvabogados.cl\/en\/#\/schema\/person\/image\/","url":"https:\/\/secure.gravatar.com\/avatar\/146a18d2b51b2fff4b4d20a486533567?s=96&d=mm&r=g","contentUrl":"https:\/\/secure.gravatar.com\/avatar\/146a18d2b51b2fff4b4d20a486533567?s=96&d=mm&r=g","caption":"Francisca Dominguez"},"url":"https:\/\/mail.pmvabogados.cl\/en\/author\/francisca\/"}]}},"_links":{"self":[{"href":"https:\/\/mail.pmvabogados.cl\/en\/wp-json\/wp\/v2\/posts\/1435"}],"collection":[{"href":"https:\/\/mail.pmvabogados.cl\/en\/wp-json\/wp\/v2\/posts"}],"about":[{"href":"https:\/\/mail.pmvabogados.cl\/en\/wp-json\/wp\/v2\/types\/post"}],"author":[{"embeddable":true,"href":"https:\/\/mail.pmvabogados.cl\/en\/wp-json\/wp\/v2\/users\/2"}],"replies":[{"embeddable":true,"href":"https:\/\/mail.pmvabogados.cl\/en\/wp-json\/wp\/v2\/comments?post=1435"}],"version-history":[{"count":2,"href":"https:\/\/mail.pmvabogados.cl\/en\/wp-json\/wp\/v2\/posts\/1435\/revisions"}],"predecessor-version":[{"id":1676,"href":"https:\/\/mail.pmvabogados.cl\/en\/wp-json\/wp\/v2\/posts\/1435\/revisions\/1676"}],"wp:attachment":[{"href":"https:\/\/mail.pmvabogados.cl\/en\/wp-json\/wp\/v2\/media?parent=1435"}],"wp:term":[{"taxonomy":"category","embeddable":true,"href":"https:\/\/mail.pmvabogados.cl\/en\/wp-json\/wp\/v2\/categories?post=1435"},{"taxonomy":"post_tag","embeddable":true,"href":"https:\/\/mail.pmvabogados.cl\/en\/wp-json\/wp\/v2\/tags?post=1435"}],"curies":[{"name":"wp","href":"https:\/\/api.w.org\/{rel}","templated":true}]}}