{"id":1432,"date":"2023-01-05T16:08:46","date_gmt":"2023-01-05T19:08:46","guid":{"rendered":"https:\/\/www.pmvabogados.cl\/?p=1432"},"modified":"2024-02-15T10:04:22","modified_gmt":"2024-02-15T13:04:22","slug":"2023-seguiremos-con-la-incertidumbre","status":"publish","type":"post","link":"https:\/\/mail.pmvabogados.cl\/en\/2023-seguiremos-con-la-incertidumbre\/","title":{"rendered":"2023: \u00bfseguiremos con la incertidumbre? | Columna de opini\u00f3n, Sebasti\u00e1n Parga"},"content":{"rendered":"<p>Esta semana la encuesta\u00a0<a href=\"https:\/\/cadem.cl\/\" target=\"_blank\" rel=\"noopener\">Cadem<\/a>\u00a0destac\u00f3 las noticias m\u00e1s importantes del a\u00f1o 2022 para la poblaci\u00f3n y las respuestas fueron relativamente obvias: el coronavirus, el rechazo, la delincuencia, la guerra en Ucrania y la inflaci\u00f3n.<\/p>\n<p>Visto desde otra perspectiva, podemos ver que las noticias que m\u00e1s impactan son, a todas luces, negativas: inflaci\u00f3n e inseguridad. En otras palabras, pobreza y menor calidad de vida. Esto suena parad\u00f3jico si pensamos que el actual gobierno, que promet\u00eda en su primer a\u00f1o emparejar la cancha, no solo no dio se\u00f1ales de equidad y bienestar, sino que dej\u00f3 sentimientos de ansiedad, incertidumbre y angustia.<\/p>\n<h4>Las razones sobran.<\/h4>\n<p>Pese a la falta de mano de obra en sectores productivos, como el agr\u00edcola, y el descontrol de la delincuencia, la implementaci\u00f3n de la ley de migraci\u00f3n es francamente deficiente. En efecto, el procedimiento migratorio es lento, aleatorio y un verdadero drama para el trabajo formal, as\u00ed como para las personas que quieren trabajar con sus papeles migratorios al d\u00eda.<\/p>\n<p>Desde el plano de la jornada de trabajo, existe otra gran incertidumbre: el proyecto de 40 horas que mantiene la naturaleza inflexible de la jornada. Una de las cosas positivas que se vieron en la pandemia fue la flexibilidad en la jornada, donde no pocas empresas \u2014por medidas sanitarias\u2014 acordaron con sus trabajadores jornadas m\u00e1s extensas, compensadas con d\u00edas de descanso. Este sistema, muchas veces fuera de la ley, eran preferidos por los trabajadores, lo que en la nueva normativa legal no es posible.<\/p>\n<p>En los temas sindicales no ha habido mayores cambios y los resultados de los procesos de negociaci\u00f3n colectiva han sido de cautela y poca conflictividad. Las personas ven algo que parece que nuestra clase pol\u00edtica no vislumbra, ya que la incertidumbre hace a las personas menos seguras, prefiriendo resguardar lo que se tiene m\u00e1s que buscar un mayor beneficio. Y esto se ve, y se siente, entre aquellas personas que nos sentamos constantemente en las mesas de negociaciones colectivas que se han estado realizando en los \u00faltimos meses. Se ha generado una verdadera costumbre a la cautela, tanto desde la mirada de los trabajadores como de las empresas.<\/p>\n<p>Mientras el sistema de salud se cae literalmente desde sus cimientos, nadie parece dimensionar qu\u00e9 suceder\u00eda con los 3 millones de personas adicionales en el sistema p\u00fablico. La reforma tributaria, y las reformas laborales, est\u00e1n constantemente en los titulares sin que exista un avance real y cuantitativo, dejando ese amargo sabor de boca de la incertidumbre.<\/p>\n<p>Terminando el a\u00f1o, y viendo los frutos de este \u00faltimo tiempo, hay que esperar sabidur\u00eda para nuestros gobernantes. Esta virtud est\u00e1 en no tener dogmas y determinar lo que es mejor para el pa\u00eds en su conjunto. No escuchar los gritos, sino ver lo que la gente busca, y eso el gobierno \u2014hasta ahora\u2014 lo est\u00e1 dibujando donde no hay cimientos.<\/p>\n<p>Preocup\u00e9monos de dar trabajo digno, premiar a quienes se esfuerzan y dar tranquilidad a quienes lo logran o lo buscan. Ojal\u00e1 aquellos que dirigen el pa\u00eds tengan la virtud y fortaleza que se necesita para reconocer los errores pasados y enmendar el camino para el futuro.<\/p>\n<p><em>*<a href=\"https:\/\/www.linkedin.com\/in\/sebastian-parga-m\/\">Sebasti\u00e1n Parga<\/a> es m\u00e1ster en Derecho del Trabajo de la Universidad de los Andes y socio de <a href=\"https:\/\/www.pmvabogados.cl\/\">Parga Montes &amp; Vasseur Laborales.<\/a><\/em><\/p>\n","protected":false},"excerpt":{"rendered":"","protected":false},"author":2,"featured_media":0,"comment_status":"open","ping_status":"open","sticky":false,"template":"","format":"standard","meta":{"inline_featured_image":false,"footnotes":""},"categories":[4],"tags":[],"yoast_head":"<!-- This site is optimized with the Yoast SEO plugin v21.4 - https:\/\/yoast.com\/wordpress\/plugins\/seo\/ -->\n<title>2023: \u00bfseguiremos con la incertidumbre? | Columna de opini\u00f3n, Sebasti\u00e1n Parga - Parga, Montes, Vasseur Labor Lawyers<\/title>\n<meta name=\"description\" content=\"Esta semana la encuesta\u00a0Cadem\u00a0destac\u00f3 las noticias m\u00e1s importantes del a\u00f1o 2022 para la poblaci\u00f3n y las respuestas fueron relativamente obvias\" \/>\n<meta name=\"robots\" content=\"index, follow, max-snippet:-1, max-image-preview:large, max-video-preview:-1\" \/>\n<link rel=\"canonical\" href=\"https:\/\/mail.pmvabogados.cl\/en\/2023-seguiremos-con-la-incertidumbre\/\" \/>\n<meta property=\"og:locale\" content=\"en_US\" \/>\n<meta property=\"og:type\" content=\"article\" \/>\n<meta property=\"og:title\" content=\"2023: \u00bfseguiremos con la incertidumbre? | Columna de opini\u00f3n, Sebasti\u00e1n Parga - Parga, Montes, Vasseur Labor Lawyers\" \/>\n<meta property=\"og:description\" content=\"Esta semana la encuesta\u00a0Cadem\u00a0destac\u00f3 las noticias m\u00e1s importantes del a\u00f1o 2022 para la poblaci\u00f3n y las respuestas fueron relativamente obvias\" \/>\n<meta property=\"og:url\" content=\"https:\/\/mail.pmvabogados.cl\/en\/2023-seguiremos-con-la-incertidumbre\/\" \/>\n<meta property=\"og:site_name\" content=\"Parga, Montes, Vasseur Labor Lawyers\" \/>\n<meta property=\"article:published_time\" content=\"2023-01-05T19:08:46+00:00\" \/>\n<meta property=\"article:modified_time\" content=\"2024-02-15T13:04:22+00:00\" \/>\n<meta name=\"author\" content=\"Francisca Dominguez\" \/>\n<meta name=\"twitter:card\" content=\"summary_large_image\" \/>\n<meta name=\"twitter:label1\" content=\"Written by\" \/>\n\t<meta name=\"twitter:data1\" content=\"Francisca Dominguez\" \/>\n\t<meta name=\"twitter:label2\" content=\"Est. reading time\" \/>\n\t<meta name=\"twitter:data2\" content=\"3 minutes\" \/>\n<script type=\"application\/ld+json\" class=\"yoast-schema-graph\">{\"@context\":\"https:\/\/schema.org\",\"@graph\":[{\"@type\":\"Article\",\"@id\":\"https:\/\/mail.pmvabogados.cl\/en\/2023-seguiremos-con-la-incertidumbre\/#article\",\"isPartOf\":{\"@id\":\"https:\/\/mail.pmvabogados.cl\/en\/2023-seguiremos-con-la-incertidumbre\/\"},\"author\":{\"name\":\"Francisca Dominguez\",\"@id\":\"https:\/\/www.pmvabogados.cl\/en\/#\/schema\/person\/401fd0c9a37d714b31a68493cee1be83\"},\"headline\":\"2023: \u00bfseguiremos con la incertidumbre? | Columna de opini\u00f3n, Sebasti\u00e1n Parga\",\"datePublished\":\"2023-01-05T19:08:46+00:00\",\"dateModified\":\"2024-02-15T13:04:22+00:00\",\"mainEntityOfPage\":{\"@id\":\"https:\/\/mail.pmvabogados.cl\/en\/2023-seguiremos-con-la-incertidumbre\/\"},\"wordCount\":577,\"commentCount\":0,\"publisher\":{\"@id\":\"https:\/\/www.pmvabogados.cl\/en\/#organization\"},\"articleSection\":[\"Publicaciones\"],\"inLanguage\":\"en-US\",\"potentialAction\":[{\"@type\":\"CommentAction\",\"name\":\"Comment\",\"target\":[\"https:\/\/mail.pmvabogados.cl\/en\/2023-seguiremos-con-la-incertidumbre\/#respond\"]}]},{\"@type\":\"WebPage\",\"@id\":\"https:\/\/mail.pmvabogados.cl\/en\/2023-seguiremos-con-la-incertidumbre\/\",\"url\":\"https:\/\/mail.pmvabogados.cl\/en\/2023-seguiremos-con-la-incertidumbre\/\",\"name\":\"2023: \u00bfseguiremos con la incertidumbre? | Columna de opini\u00f3n, Sebasti\u00e1n Parga - Parga, Montes, Vasseur Labor Lawyers\",\"isPartOf\":{\"@id\":\"https:\/\/www.pmvabogados.cl\/en\/#website\"},\"datePublished\":\"2023-01-05T19:08:46+00:00\",\"dateModified\":\"2024-02-15T13:04:22+00:00\",\"description\":\"Esta semana la encuesta\u00a0Cadem\u00a0destac\u00f3 las noticias m\u00e1s importantes del a\u00f1o 2022 para la poblaci\u00f3n y las respuestas fueron relativamente obvias\",\"breadcrumb\":{\"@id\":\"https:\/\/mail.pmvabogados.cl\/en\/2023-seguiremos-con-la-incertidumbre\/#breadcrumb\"},\"inLanguage\":\"en-US\",\"potentialAction\":[{\"@type\":\"ReadAction\",\"target\":[\"https:\/\/mail.pmvabogados.cl\/en\/2023-seguiremos-con-la-incertidumbre\/\"]}]},{\"@type\":\"BreadcrumbList\",\"@id\":\"https:\/\/mail.pmvabogados.cl\/en\/2023-seguiremos-con-la-incertidumbre\/#breadcrumb\",\"itemListElement\":[{\"@type\":\"ListItem\",\"position\":1,\"name\":\"Portada\",\"item\":\"https:\/\/www.pmvabogados.cl\/en\/\"},{\"@type\":\"ListItem\",\"position\":2,\"name\":\"2023: \u00bfseguiremos con la incertidumbre? | Columna de opini\u00f3n, Sebasti\u00e1n Parga\"}]},{\"@type\":\"WebSite\",\"@id\":\"https:\/\/www.pmvabogados.cl\/en\/#website\",\"url\":\"https:\/\/www.pmvabogados.cl\/en\/\",\"name\":\"Parga, Montes, Vasseur Abogados Laborales\",\"description\":\"Labor Lawyers\",\"publisher\":{\"@id\":\"https:\/\/www.pmvabogados.cl\/en\/#organization\"},\"alternateName\":\"PMV Abogados\",\"potentialAction\":[{\"@type\":\"SearchAction\",\"target\":{\"@type\":\"EntryPoint\",\"urlTemplate\":\"https:\/\/www.pmvabogados.cl\/en\/?s={search_term_string}\"},\"query-input\":\"required name=search_term_string\"}],\"inLanguage\":\"en-US\"},{\"@type\":\"Organization\",\"@id\":\"https:\/\/www.pmvabogados.cl\/en\/#organization\",\"name\":\"Parga, Montes, Vasseur Abogados Laborales\",\"alternateName\":\"PMV Abogados\",\"url\":\"https:\/\/www.pmvabogados.cl\/en\/\",\"logo\":{\"@type\":\"ImageObject\",\"inLanguage\":\"en-US\",\"@id\":\"https:\/\/www.pmvabogados.cl\/en\/#\/schema\/logo\/image\/\",\"url\":\"https:\/\/www.pmvabogados.cl\/wp-content\/uploads\/2023\/03\/Proyecto-nuevo-1.png\",\"contentUrl\":\"https:\/\/www.pmvabogados.cl\/wp-content\/uploads\/2023\/03\/Proyecto-nuevo-1.png\",\"width\":800,\"height\":800,\"caption\":\"Parga, Montes, Vasseur Abogados Laborales\"},\"image\":{\"@id\":\"https:\/\/www.pmvabogados.cl\/en\/#\/schema\/logo\/image\/\"},\"sameAs\":[\"https:\/\/www.linkedin.com\/company\/79443714\/admin\/\"]},{\"@type\":\"Person\",\"@id\":\"https:\/\/www.pmvabogados.cl\/en\/#\/schema\/person\/401fd0c9a37d714b31a68493cee1be83\",\"name\":\"Francisca Dominguez\",\"image\":{\"@type\":\"ImageObject\",\"inLanguage\":\"en-US\",\"@id\":\"https:\/\/www.pmvabogados.cl\/en\/#\/schema\/person\/image\/\",\"url\":\"https:\/\/secure.gravatar.com\/avatar\/146a18d2b51b2fff4b4d20a486533567?s=96&d=mm&r=g\",\"contentUrl\":\"https:\/\/secure.gravatar.com\/avatar\/146a18d2b51b2fff4b4d20a486533567?s=96&d=mm&r=g\",\"caption\":\"Francisca Dominguez\"},\"url\":\"https:\/\/mail.pmvabogados.cl\/en\/author\/francisca\/\"}]}<\/script>\n<!-- \/ Yoast SEO plugin. -->","yoast_head_json":{"title":"2023: \u00bfseguiremos con la incertidumbre? | Columna de opini\u00f3n, Sebasti\u00e1n Parga - Parga, Montes, Vasseur Labor Lawyers","description":"Esta semana la encuesta\u00a0Cadem\u00a0destac\u00f3 las noticias m\u00e1s importantes del a\u00f1o 2022 para la poblaci\u00f3n y las respuestas fueron relativamente obvias","robots":{"index":"index","follow":"follow","max-snippet":"max-snippet:-1","max-image-preview":"max-image-preview:large","max-video-preview":"max-video-preview:-1"},"canonical":"https:\/\/mail.pmvabogados.cl\/en\/2023-seguiremos-con-la-incertidumbre\/","og_locale":"en_US","og_type":"article","og_title":"2023: \u00bfseguiremos con la incertidumbre? | Columna de opini\u00f3n, Sebasti\u00e1n Parga - Parga, Montes, Vasseur Labor Lawyers","og_description":"Esta semana la encuesta\u00a0Cadem\u00a0destac\u00f3 las noticias m\u00e1s importantes del a\u00f1o 2022 para la poblaci\u00f3n y las respuestas fueron relativamente obvias","og_url":"https:\/\/mail.pmvabogados.cl\/en\/2023-seguiremos-con-la-incertidumbre\/","og_site_name":"Parga, Montes, Vasseur Labor Lawyers","article_published_time":"2023-01-05T19:08:46+00:00","article_modified_time":"2024-02-15T13:04:22+00:00","author":"Francisca Dominguez","twitter_card":"summary_large_image","twitter_misc":{"Written by":"Francisca Dominguez","Est. reading time":"3 minutes"},"schema":{"@context":"https:\/\/schema.org","@graph":[{"@type":"Article","@id":"https:\/\/mail.pmvabogados.cl\/en\/2023-seguiremos-con-la-incertidumbre\/#article","isPartOf":{"@id":"https:\/\/mail.pmvabogados.cl\/en\/2023-seguiremos-con-la-incertidumbre\/"},"author":{"name":"Francisca Dominguez","@id":"https:\/\/www.pmvabogados.cl\/en\/#\/schema\/person\/401fd0c9a37d714b31a68493cee1be83"},"headline":"2023: \u00bfseguiremos con la incertidumbre? | Columna de opini\u00f3n, Sebasti\u00e1n Parga","datePublished":"2023-01-05T19:08:46+00:00","dateModified":"2024-02-15T13:04:22+00:00","mainEntityOfPage":{"@id":"https:\/\/mail.pmvabogados.cl\/en\/2023-seguiremos-con-la-incertidumbre\/"},"wordCount":577,"commentCount":0,"publisher":{"@id":"https:\/\/www.pmvabogados.cl\/en\/#organization"},"articleSection":["Publicaciones"],"inLanguage":"en-US","potentialAction":[{"@type":"CommentAction","name":"Comment","target":["https:\/\/mail.pmvabogados.cl\/en\/2023-seguiremos-con-la-incertidumbre\/#respond"]}]},{"@type":"WebPage","@id":"https:\/\/mail.pmvabogados.cl\/en\/2023-seguiremos-con-la-incertidumbre\/","url":"https:\/\/mail.pmvabogados.cl\/en\/2023-seguiremos-con-la-incertidumbre\/","name":"2023: \u00bfseguiremos con la incertidumbre? | Columna de opini\u00f3n, Sebasti\u00e1n Parga - Parga, Montes, Vasseur Labor Lawyers","isPartOf":{"@id":"https:\/\/www.pmvabogados.cl\/en\/#website"},"datePublished":"2023-01-05T19:08:46+00:00","dateModified":"2024-02-15T13:04:22+00:00","description":"Esta semana la encuesta\u00a0Cadem\u00a0destac\u00f3 las noticias m\u00e1s importantes del a\u00f1o 2022 para la poblaci\u00f3n y las respuestas fueron relativamente obvias","breadcrumb":{"@id":"https:\/\/mail.pmvabogados.cl\/en\/2023-seguiremos-con-la-incertidumbre\/#breadcrumb"},"inLanguage":"en-US","potentialAction":[{"@type":"ReadAction","target":["https:\/\/mail.pmvabogados.cl\/en\/2023-seguiremos-con-la-incertidumbre\/"]}]},{"@type":"BreadcrumbList","@id":"https:\/\/mail.pmvabogados.cl\/en\/2023-seguiremos-con-la-incertidumbre\/#breadcrumb","itemListElement":[{"@type":"ListItem","position":1,"name":"Portada","item":"https:\/\/www.pmvabogados.cl\/en\/"},{"@type":"ListItem","position":2,"name":"2023: \u00bfseguiremos con la incertidumbre? | Columna de opini\u00f3n, Sebasti\u00e1n Parga"}]},{"@type":"WebSite","@id":"https:\/\/www.pmvabogados.cl\/en\/#website","url":"https:\/\/www.pmvabogados.cl\/en\/","name":"Parga, Montes, Vasseur Abogados Laborales","description":"Labor Lawyers","publisher":{"@id":"https:\/\/www.pmvabogados.cl\/en\/#organization"},"alternateName":"PMV Abogados","potentialAction":[{"@type":"SearchAction","target":{"@type":"EntryPoint","urlTemplate":"https:\/\/www.pmvabogados.cl\/en\/?s={search_term_string}"},"query-input":"required name=search_term_string"}],"inLanguage":"en-US"},{"@type":"Organization","@id":"https:\/\/www.pmvabogados.cl\/en\/#organization","name":"Parga, Montes, Vasseur Abogados Laborales","alternateName":"PMV Abogados","url":"https:\/\/www.pmvabogados.cl\/en\/","logo":{"@type":"ImageObject","inLanguage":"en-US","@id":"https:\/\/www.pmvabogados.cl\/en\/#\/schema\/logo\/image\/","url":"https:\/\/www.pmvabogados.cl\/wp-content\/uploads\/2023\/03\/Proyecto-nuevo-1.png","contentUrl":"https:\/\/www.pmvabogados.cl\/wp-content\/uploads\/2023\/03\/Proyecto-nuevo-1.png","width":800,"height":800,"caption":"Parga, Montes, Vasseur Abogados Laborales"},"image":{"@id":"https:\/\/www.pmvabogados.cl\/en\/#\/schema\/logo\/image\/"},"sameAs":["https:\/\/www.linkedin.com\/company\/79443714\/admin\/"]},{"@type":"Person","@id":"https:\/\/www.pmvabogados.cl\/en\/#\/schema\/person\/401fd0c9a37d714b31a68493cee1be83","name":"Francisca Dominguez","image":{"@type":"ImageObject","inLanguage":"en-US","@id":"https:\/\/www.pmvabogados.cl\/en\/#\/schema\/person\/image\/","url":"https:\/\/secure.gravatar.com\/avatar\/146a18d2b51b2fff4b4d20a486533567?s=96&d=mm&r=g","contentUrl":"https:\/\/secure.gravatar.com\/avatar\/146a18d2b51b2fff4b4d20a486533567?s=96&d=mm&r=g","caption":"Francisca Dominguez"},"url":"https:\/\/mail.pmvabogados.cl\/en\/author\/francisca\/"}]}},"_links":{"self":[{"href":"https:\/\/mail.pmvabogados.cl\/en\/wp-json\/wp\/v2\/posts\/1432"}],"collection":[{"href":"https:\/\/mail.pmvabogados.cl\/en\/wp-json\/wp\/v2\/posts"}],"about":[{"href":"https:\/\/mail.pmvabogados.cl\/en\/wp-json\/wp\/v2\/types\/post"}],"author":[{"embeddable":true,"href":"https:\/\/mail.pmvabogados.cl\/en\/wp-json\/wp\/v2\/users\/2"}],"replies":[{"embeddable":true,"href":"https:\/\/mail.pmvabogados.cl\/en\/wp-json\/wp\/v2\/comments?post=1432"}],"version-history":[{"count":2,"href":"https:\/\/mail.pmvabogados.cl\/en\/wp-json\/wp\/v2\/posts\/1432\/revisions"}],"predecessor-version":[{"id":1674,"href":"https:\/\/mail.pmvabogados.cl\/en\/wp-json\/wp\/v2\/posts\/1432\/revisions\/1674"}],"wp:attachment":[{"href":"https:\/\/mail.pmvabogados.cl\/en\/wp-json\/wp\/v2\/media?parent=1432"}],"wp:term":[{"taxonomy":"category","embeddable":true,"href":"https:\/\/mail.pmvabogados.cl\/en\/wp-json\/wp\/v2\/categories?post=1432"},{"taxonomy":"post_tag","embeddable":true,"href":"https:\/\/mail.pmvabogados.cl\/en\/wp-json\/wp\/v2\/tags?post=1432"}],"curies":[{"name":"wp","href":"https:\/\/api.w.org\/{rel}","templated":true}]}}